{"id":18686,"date":"2023-02-25T08:41:43","date_gmt":"2023-02-25T07:41:43","guid":{"rendered":"https:\/\/nachrichten.biebertaler-bilderbogen.de\/?p=18686"},"modified":"2023-02-26T08:58:54","modified_gmt":"2023-02-26T07:58:54","slug":"jhv-vom-heimat-und-geschichtsverein-fkb","status":"publish","type":"post","link":"http:\/\/frankenbach.bibibo.info\/?p=18686","title":{"rendered":"JHV vom Heimat- und Geschichtsverein Fkb."},"content":{"rendered":"\n<h6 class=\"wp-block-heading\">Ein Gastbeitrag von Thomas Prochazka<\/h6>\n\n\n\n<figure class=\"wp-block-image size-large\"><img loading=\"lazy\" decoding=\"async\" width=\"1024\" height=\"510\" src=\"https:\/\/nachrichten.biebertaler-bilderbogen.de\/wp-content\/uploads\/2023\/02\/Vorstand-Nov.-2022-1024x510.jpg\" alt=\"\" class=\"wp-image-18687\" srcset=\"http:\/\/frankenbach.bibibo.info\/wp-content\/uploads\/2023\/02\/Vorstand-Nov.-2022-1024x510.jpg 1024w, http:\/\/frankenbach.bibibo.info\/wp-content\/uploads\/2023\/02\/Vorstand-Nov.-2022-300x150.jpg 300w, http:\/\/frankenbach.bibibo.info\/wp-content\/uploads\/2023\/02\/Vorstand-Nov.-2022-768x383.jpg 768w, http:\/\/frankenbach.bibibo.info\/wp-content\/uploads\/2023\/02\/Vorstand-Nov.-2022-1536x766.jpg 1536w, http:\/\/frankenbach.bibibo.info\/wp-content\/uploads\/2023\/02\/Vorstand-Nov.-2022-2048x1021.jpg 2048w\" sizes=\"auto, (max-width: 1024px) 100vw, 1024px\" \/><figcaption class=\"wp-element-caption\"><strong>Der aktuelle Vorstand des Heimat- und Geschichtsvereins Frankenbach<\/strong><\/figcaption><\/figure>\n\n\n\n<p><strong>Bericht von der Jahreshauptversammlung des Heimat- und Geschichtsvereins Frankenbach.<\/strong><\/p>\n\n\n\n<p>Am Freitag, den <strong>17.02.2023<\/strong> fand die JHV des Heimat- und Geschichtsverein Frankenbach 1986 e.V. statt. In diesem Jahr standen keine Vorstandswahlen an. In seinem Bericht stellte Vorsitzender Thomas Prochazka fest, dass der gr\u00f6\u00dfte Einschnitt des vergangenen Jahres war, dass Ekkehardt L\u00f6w nach <strong>36 Jahren<\/strong> nicht mehr f\u00fcr den Vorsitz kandidierte.<\/p>\n\n\n\n<p>Wie vor Corona gewohnt, fand wieder der Film- und Liederabend mit gemeinsamen Gesang und Artur Rupperts interessanten Filmen statt. Auch das Sommerfest im August auf dem Brunnenplatz war ein voller Erfolg. Im September beteiligte sich der HuGV an der Organisation der Einweihung des Daches am BGH und im Dezember am Adventsmarkt.<\/p>\n\n\n\n<p>In diesem Jahr steht der Film- und Liederabend erneut an, diesmal am <strong>31.M\u00e4rz<\/strong>. Das im zweij\u00e4hrigen Turnus stattfindende Brunnenfest ist f\u00fcr den <strong>19.August<\/strong> festgelegt. Kassenwart Klaus Bloch berichtete \u00fcber einen befriedigenden Kassenstad, der es dem HuGV erm\u00f6glicht, im Heimatmuseum einige Vorhaben umzusetzen. Hier freut sich der Verein \u00fcber weitere, f\u00fcr das Museum geeignete Gegenst\u00e4nde von&nbsp; Frankenbacherinnen und Frankenbachern. Die Homepage wird vom 2.Vorsitzenden Michael Ruppert weiter ausgebaut. Und auch im Bauerngarten hat sich &#8222;Vereins-G\u00e4rtner&#8220; Hans-J\u00fcrgen K\u00e4fer zusammen mit seinen flei\u00dfigen Helfer:innen einiges vorgenommen.<\/p>\n\n\n\n<p>Abschlie\u00dfend dankte der Vorsitzende allen Vorstandsmitgliedern f\u00fcr ihre Arbeit und vor allem Artur Ruppert f\u00fcr die Organisation des Film- und Liederabends.<\/p>\n\n\n\n<p style=\"font-size:10px\"><strong>Bild: Heimat- und Geschichtsverein Frankenbach<\/strong><\/p>\n<div class=\"gsp_post_data\" \r\n\t            data-post_type=\"post\" \r\n\t            data-cat=\"ohne-kategorie,frankenbach,einrichtung-fuer-psychisch-kranke-junge-menschen\" \r\n\t            data-modified=\"120\"\r\n\t            data-created=\"1677314503\"\r\n\t            data-title=\"JHV vom Heimat- und Geschichtsverein Fkb.\" \r\n\t            data-home=\"http:\/\/frankenbach.bibibo.info\"><\/div>","protected":false},"excerpt":{"rendered":"<p>Ein Gastbeitrag von Thomas Prochazka Bericht von der Jahreshauptversammlung des Heimat- und Geschichtsvereins Frankenbach. Am Freitag, den 17.02.2023 fand die JHV des Heimat- und Geschichtsverein Frankenbach 1986 e.V. statt. In diesem Jahr standen keine Vorstandswahlen an. In seinem Bericht stellte Vorsitzender Thomas Prochazka fest, dass der gr\u00f6\u00dfte Einschnitt des vergangenen Jahres war, dass Ekkehardt L\u00f6w [&hellip;]<\/p>\n","protected":false},"author":2,"featured_media":0,"comment_status":"open","ping_status":"closed","sticky":false,"template":"","format":"standard","meta":{"footnotes":""},"categories":[90,84,135],"tags":[533,128,3,534],"class_list":["post-18686","post","type-post","status-publish","format-standard","hentry","category-ohne-kategorie","category-frankenbach","category-einrichtung-fuer-psychisch-kranke-junge-menschen","tag-bericht","tag-heimat-und-geschichtsverein-frankenbach","tag-jahreshauptversammlung","tag-thomas-prochazka"],"_links":{"self":[{"href":"http:\/\/frankenbach.bibibo.info\/index.php?rest_route=\/wp\/v2\/posts\/18686","targetHints":{"allow":["GET"]}}],"collection":[{"href":"http:\/\/frankenbach.bibibo.info\/index.php?rest_route=\/wp\/v2\/posts"}],"about":[{"href":"http:\/\/frankenbach.bibibo.info\/index.php?rest_route=\/wp\/v2\/types\/post"}],"author":[{"embeddable":true,"href":"http:\/\/frankenbach.bibibo.info\/index.php?rest_route=\/wp\/v2\/users\/2"}],"replies":[{"embeddable":true,"href":"http:\/\/frankenbach.bibibo.info\/index.php?rest_route=%2Fwp%2Fv2%2Fcomments&post=18686"}],"version-history":[{"count":0,"href":"http:\/\/frankenbach.bibibo.info\/index.php?rest_route=\/wp\/v2\/posts\/18686\/revisions"}],"wp:attachment":[{"href":"http:\/\/frankenbach.bibibo.info\/index.php?rest_route=%2Fwp%2Fv2%2Fmedia&parent=18686"}],"wp:term":[{"taxonomy":"category","embeddable":true,"href":"http:\/\/frankenbach.bibibo.info\/index.php?rest_route=%2Fwp%2Fv2%2Fcategories&post=18686"},{"taxonomy":"post_tag","embeddable":true,"href":"http:\/\/frankenbach.bibibo.info\/index.php?rest_route=%2Fwp%2Fv2%2Ftags&post=18686"}],"curies":[{"name":"wp","href":"https:\/\/api.w.org\/{rel}","templated":true}]}}