{"id":15061,"date":"2022-06-06T13:00:00","date_gmt":"2022-06-06T11:00:00","guid":{"rendered":"https:\/\/nachrichten.biebertaler-bilderbogen.de\/?p=15061"},"modified":"2022-06-13T15:33:28","modified_gmt":"2022-06-13T13:33:28","slug":"film-und-liederabend-2022-des-heimat-und-geschichtsvereins-frankenbach","status":"publish","type":"post","link":"https:\/\/frankenbach.bibibo.info\/?p=15061","title":{"rendered":"Film- und Liederabend 2022 des Heimat- und Geschichtsvereins Frankenbach"},"content":{"rendered":"\n<figure class=\"wp-block-audio\"><audio controls src=\"https:\/\/nachrichten.biebertaler-bilderbogen.de\/wp-content\/uploads\/2022\/06\/Heimatland-Hessen.mp3\"><\/audio><figcaption><strong>Hessenland &#8211; du bist mein Heimatland<\/strong><\/figcaption><\/figure>\n\n\n\n<p>Nach 2 j\u00e4hriger Coronapause konnte diese Veranstaltung endlich wieder stattfinden. Zahlreiche Besucher hatten sich dazu im B\u00fcrgerhaus Frankenbach eingefunden. Mit den beiden Volksliedern wurde der bunte Abend aus Heimatliedern und 2 Filmen von Heimatfilmer Artur Ruppert er\u00f6ffnet.  <\/p>\n\n\n\n<figure class=\"wp-block-audio\"><audio controls src=\"https:\/\/nachrichten.biebertaler-bilderbogen.de\/wp-content\/uploads\/2022\/06\/Heimatland-Hessen-2.mp3\"><\/audio><figcaption><strong>Am Brunnen vor dem Tore<\/strong><\/figcaption><\/figure>\n\n\n\n<div class=\"wp-block-media-text alignwide is-stacked-on-mobile\"><figure class=\"wp-block-media-text__media\"><img decoding=\"async\" src=\"https:\/\/nachrichten.biebertaler-bilderbogen.de\/wp-content\/uploads\/2022\/06\/Neuer-Film-5-3.Movie_Schnappschuss-1024x526.jpg\" alt=\"\" class=\"wp-image-15206 size-full\"\/><\/figure><div class=\"wp-block-media-text__content\">\n<p class=\"has-small-font-size\">Musikalische begleitet wurde die Veranstaltung von Ehepaar Tr\u00f6ster und Thorsten Bamberger.<\/p>\n<\/div><\/div>\n\n\n\n<p>Neben den obigen beiden Titeln wurden auch folgende Heimatlieder gespielt und gesungen: <br>&#8222;Waldeslust&#8220;<br>&#8222;Das Lieben bringt gro\u00df Freud&#8220;<br>&#8222;Schwarzbraun ist die Haselnuss&#8220;<br>&#8222;Kein sch\u00f6ner Land&#8220;<br>&#8222;Sch\u00f6n ist die Jugend auch im Alter&#8220;<br>Alle Texte der Heimatlieder wurden auf die Leinwand projiziert. Die Technik daf\u00fcr wurde von Laureen Ruppert bedient. <\/p>\n\n\n\n<p>Die Filme von Artur Ruppert enthalten aktuelle und historische Ereignisse in Frankenbach und Umgebung. So wurde zum Beispiel auch einige Minuten von der 750 Jahre Feier in Fellingshausen gezeigt. Viele beeindruckt hat allerdings die Restaurierung des alten Bautz-Traktors von Alma Hardt, die uns leider im vergangen Jahr mit Mitte 90 verlassen hat.<\/p>\n\n\n\n<div class=\"wp-block-media-text alignwide has-media-on-the-right is-stacked-on-mobile\"><figure class=\"wp-block-media-text__media\"><img loading=\"lazy\" decoding=\"async\" width=\"1024\" height=\"768\" src=\"http:\/\/frankenbach.bibibo.info\/wp-content\/uploads\/2022\/06\/IMG_20220603_200745-1024x768.jpg\" alt=\"\" class=\"wp-image-15064 size-full\" srcset=\"https:\/\/frankenbach.bibibo.info\/wp-content\/uploads\/2022\/06\/IMG_20220603_200745-1024x768.jpg 1024w, https:\/\/frankenbach.bibibo.info\/wp-content\/uploads\/2022\/06\/IMG_20220603_200745-300x225.jpg 300w, https:\/\/frankenbach.bibibo.info\/wp-content\/uploads\/2022\/06\/IMG_20220603_200745-768x576.jpg 768w, https:\/\/frankenbach.bibibo.info\/wp-content\/uploads\/2022\/06\/IMG_20220603_200745-1536x1152.jpg 1536w, https:\/\/frankenbach.bibibo.info\/wp-content\/uploads\/2022\/06\/IMG_20220603_200745-2048x1536.jpg 2048w\" sizes=\"auto, (max-width: 1024px) 100vw, 1024px\" \/><\/figure><div class=\"wp-block-media-text__content\">\n<p class=\"has-medium-font-size\">In 1,5 Jahren hat Laurin Ruppert den alten Traktor zerlegt, restauriert und wieder zusammen gebaut. Zwischendurch bekam er aber auch Unterst\u00fctzung und Hilfe. <\/p>\n<\/div><\/div>\n\n\n\n<p> In der Halbzeitpause konnte man sich mit Bockw\u00fcrstchen, Brote mit Hausmacherwurst, Mettbr\u00f6tchen, Eibr\u00f6tchen, Pfefferbeisser und Weintrauben mit K\u00e4se f\u00fcr kleines Geld st\u00e4rken. Den 2. Teil des Abends er\u00f6ffneten dann die Rock\u00b4n Roll Kids vom Sportverein. Mit 3 weiteren Heimatliedern und einem 2. Film ging der Abend nach knapp 3 Stunden seinem Ende entgegen. Da die Musikgruppe nicht zum ersten mal in Frankenbach war, sondern schon \u00f6fters den Film- und Liederabend musikalisch unterst\u00fctzt hat, kam den Frankenbachern beim letzten Heimatlied eine Ehre zu Teil. <\/p>\n\n\n\n<div class=\"wp-block-media-text alignwide is-stacked-on-mobile\"><figure class=\"wp-block-media-text__media\"><img loading=\"lazy\" decoding=\"async\" width=\"1024\" height=\"768\" src=\"http:\/\/frankenbach.bibibo.info\/wp-content\/uploads\/2022\/06\/IMG_20220603_214327-1024x768.jpg\" alt=\"\" class=\"wp-image-15069 size-full\" srcset=\"https:\/\/frankenbach.bibibo.info\/wp-content\/uploads\/2022\/06\/IMG_20220603_214327-1024x768.jpg 1024w, https:\/\/frankenbach.bibibo.info\/wp-content\/uploads\/2022\/06\/IMG_20220603_214327-300x225.jpg 300w, https:\/\/frankenbach.bibibo.info\/wp-content\/uploads\/2022\/06\/IMG_20220603_214327-768x576.jpg 768w, https:\/\/frankenbach.bibibo.info\/wp-content\/uploads\/2022\/06\/IMG_20220603_214327-1536x1152.jpg 1536w, https:\/\/frankenbach.bibibo.info\/wp-content\/uploads\/2022\/06\/IMG_20220603_214327-2048x1536.jpg 2048w\" sizes=\"auto, (max-width: 1024px) 100vw, 1024px\" \/><\/figure><div class=\"wp-block-media-text__content\">\n<p class=\"has-medium-font-size\">Eigens f\u00fcr die Frankenbacher hatte die Dame der Musikgruppe in den Vormittagsstunden schnell noch eine Strophe f\u00fcr das letzte Heimatlied selbst gedichtet.<\/p>\n<\/div><\/div>\n\n\n\n<p>Dank galt vor allem den Helfern in der K\u00fcche und den 2 Jungs hinter der Theke, die die Besucher den ganzen Abend mit gek\u00fchlten Getr\u00e4nken versorgten. Insgesamt ein kurzweiliger Abend, den es zu besuchen lohnt. Gerade die Filme von Arthur wecken doch bei dem ein oder anderen interessante Erinnerungen. <\/p>\n\n\n\n<p style=\"font-size:10px\"><strong>Bild &amp; Audiodateien: C. Haus<\/strong><\/p>\n\n\n\n<hr class=\"wp-block-separator has-text-color has-background has-black-background-color has-black-color\"\/>\n\n\n\n<p>Text zum 1. Lied &#8222;<strong>Hessenland &#8211; du bist mein Heimatland<\/strong>&#8222;:<\/p>\n\n\n\n<div class=\"wp-block-columns is-layout-flex wp-container-core-columns-is-layout-9d6595d7 wp-block-columns-is-layout-flex\">\n<div class=\"wp-block-column is-layout-flow wp-block-column-is-layout-flow\">\n<p><strong>1)<\/strong> Hessenland, Du bist mein Heimatland<br>Deutschlands gr\u00fcnes Herz wirst du genannt,<br>mitten drin da steht mein Vaterhaus und <br>von da aus zog ich in die Welt hinaus. <br><\/p>\n<\/div>\n\n\n\n<div class=\"wp-block-column is-layout-flow wp-block-column-is-layout-flow\">\n<p><strong>2)<\/strong> Gr\u00fcne W\u00e4lder sind, wohin man sieht.<br>Und im Tal das muntre B\u00e4chlein flie\u00dft,<br>\u00fcber allem lacht der Sonnenschein,<br>oh wie herrlich ist es doch bei uns daheim. <\/p>\n<\/div>\n<\/div>\n\n\n\n<div class=\"wp-block-columns is-layout-flex wp-container-core-columns-is-layout-9d6595d7 wp-block-columns-is-layout-flex\">\n<div class=\"wp-block-column is-layout-flow wp-block-column-is-layout-flow\">\n<p><strong>3)<\/strong> Willst du in ein fremdes Land mal ziehn,<br>weil du glaubst, dass dort das Gl\u00fcck dir bl\u00fcht<br>siehst du Wolken, die da Heimw\u00e4rts ziehn,<br>sendest liebe Gr\u00fc\u00dfe nach der Heimat hin. <\/p>\n<\/div>\n\n\n\n<div class=\"wp-block-column is-layout-flow wp-block-column-is-layout-flow\">\n<p><strong>4)<\/strong> Sterb ich einst, erf\u00fcllt mir eine Bitt,<br>tragt mich in Hessenland zur\u00fcck,<br>decket mich mit Heimaterde zu,<br>nur im Hessenland, da find ich meine Ruh. <br><\/p>\n<\/div>\n<\/div>\n\n\n\n<hr class=\"wp-block-separator has-text-color has-background has-black-background-color has-black-color\"\/>\n\n\n\n<p>Text zum 2. Lied &#8222;<strong><strong>Am Brunnen vor dem Tore<\/strong><\/strong>&#8222;:<\/p>\n\n\n\n<div class=\"wp-block-columns is-layout-flex wp-container-core-columns-is-layout-9d6595d7 wp-block-columns-is-layout-flex\">\n<div class=\"wp-block-column is-layout-flow wp-block-column-is-layout-flow\">\n<p><strong>1)<\/strong> Am Brunnen vor dem Tore,<br>da steht ein Lindenbaum;<br>ich tr\u00e4umt\u00b4 in seinem Schatten<br>so manch s\u00fc\u00dfen Traum;<br>ich schnitt in seine Rinde<br>so manch liebes Wort;<br>es zog in Freud\u00b4 und Leiden,<br>zu ihm mich immerfort.<br><\/p>\n<\/div>\n\n\n\n<div class=\"wp-block-column is-layout-flow wp-block-column-is-layout-flow\">\n<p><strong>2)<\/strong> Ich musst\u00b4 auch heute<br>wandern vorbei in dunkler Nacht;<br>da hab\u00b4 ich heute im Dunkeln <br>die Augen zu gemacht;<br>und seine Zweige rauschten,<br>als riefen sie mir zu; komm her zu mir, Geselle, hier find\u00b4st du deine Ruh. <br> <\/p>\n<\/div>\n\n\n\n<div class=\"wp-block-column is-layout-flow wp-block-column-is-layout-flow\">\n<p><strong>3)<\/strong> Die kalten Winde bliesen<br>mir grad ins Angesicht,<br>der Hut flog mir vom Kopfe,<br>ich wendete mich nicht;<br>nun bin ich in mancher Stunde entfernt von jenem Ort,<br>und immer h\u00f6r ich\u00b4s rauschen:<br>du f\u00e4ndest Ruhe dort!<\/p>\n<\/div>\n<\/div>\n<div class=\"gsp_post_data\" \r\n\t            data-post_type=\"post\" \r\n\t            data-cat=\"frankenbach,kultur,musik,veranstaltung,veranstaltungen\" \r\n\t            data-modified=\"120\"\r\n\t            data-created=\"1654520400\"\r\n\t            data-title=\"Film- und Liederabend 2022 des Heimat- und Geschichtsvereins Frankenbach\" \r\n\t            data-home=\"https:\/\/frankenbach.bibibo.info\"><\/div>","protected":false},"excerpt":{"rendered":"<p>Nach 2 j\u00e4hriger Coronapause konnte diese Veranstaltung endlich wieder stattfinden. Zahlreiche Besucher hatten sich dazu im B\u00fcrgerhaus Frankenbach eingefunden. Mit den beiden Volksliedern wurde der bunte Abend aus Heimatliedern und 2 Filmen von Heimatfilmer Artur Ruppert er\u00f6ffnet. Musikalische begleitet wurde die Veranstaltung von Ehepaar Tr\u00f6ster und Thorsten Bamberger. Neben den obigen beiden Titeln wurden auch [&hellip;]<\/p>\n","protected":false},"author":2,"featured_media":0,"comment_status":"open","ping_status":"closed","sticky":false,"template":"","format":"standard","meta":{"footnotes":""},"categories":[84,367,368,229,230],"tags":[362,363,13,364,365,366,33],"class_list":["post-15061","post","type-post","status-publish","format-standard","hentry","category-frankenbach","category-kultur","category-musik","category-veranstaltung","category-veranstaltungen","tag-am-brunnen","tag-arthur-ruppert","tag-film-und-liederabend","tag-filme","tag-hessenland","tag-hgv","tag-musik"],"_links":{"self":[{"href":"https:\/\/frankenbach.bibibo.info\/index.php?rest_route=\/wp\/v2\/posts\/15061","targetHints":{"allow":["GET"]}}],"collection":[{"href":"https:\/\/frankenbach.bibibo.info\/index.php?rest_route=\/wp\/v2\/posts"}],"about":[{"href":"https:\/\/frankenbach.bibibo.info\/index.php?rest_route=\/wp\/v2\/types\/post"}],"author":[{"embeddable":true,"href":"https:\/\/frankenbach.bibibo.info\/index.php?rest_route=\/wp\/v2\/users\/2"}],"replies":[{"embeddable":true,"href":"https:\/\/frankenbach.bibibo.info\/index.php?rest_route=%2Fwp%2Fv2%2Fcomments&post=15061"}],"version-history":[{"count":0,"href":"https:\/\/frankenbach.bibibo.info\/index.php?rest_route=\/wp\/v2\/posts\/15061\/revisions"}],"wp:attachment":[{"href":"https:\/\/frankenbach.bibibo.info\/index.php?rest_route=%2Fwp%2Fv2%2Fmedia&parent=15061"}],"wp:term":[{"taxonomy":"category","embeddable":true,"href":"https:\/\/frankenbach.bibibo.info\/index.php?rest_route=%2Fwp%2Fv2%2Fcategories&post=15061"},{"taxonomy":"post_tag","embeddable":true,"href":"https:\/\/frankenbach.bibibo.info\/index.php?rest_route=%2Fwp%2Fv2%2Ftags&post=15061"}],"curies":[{"name":"wp","href":"https:\/\/api.w.org\/{rel}","templated":true}]}}