{"id":16225,"date":"2022-08-04T13:00:00","date_gmt":"2022-08-04T11:00:00","guid":{"rendered":"https:\/\/nachrichten.biebertaler-bilderbogen.de\/?p=16225"},"modified":"2022-08-09T18:47:16","modified_gmt":"2022-08-09T16:47:16","slug":"piepmaetze-sind-wieder-da","status":"publish","type":"post","link":"https:\/\/frankenbach.bibibo.info\/?p=16225","title":{"rendered":"Piepm\u00e4tze sind wieder da"},"content":{"rendered":"\n<div class=\"wp-block-image size-large\"><figure class=\"aligncenter is-resized\"><img loading=\"lazy\" decoding=\"async\" src=\"https:\/\/nachrichten.biebertaler-bilderbogen.de\/wp-content\/uploads\/2022\/08\/Flyer-2-1024x727.png\" alt=\"\" class=\"wp-image-16226\" width=\"601\" height=\"426\"\/><\/figure><\/div>\n\n\n\n<p>Dieses Angebot der FEG Frankenbach gab es vor Jahren schon ein mal. Allerdings sind die Piepm\u00e4tze von damals jetzt schon deutlich gewachsen. Da aber im letzten Jahr <strong>\u00fcber 10 Kinder <\/strong>in Frankenbach geboren wurden, reaktiviert die FEG ihr Angebot. <\/p>\n\n\n\n<p>Immer donnerstags von <strong>9.30-11.00 Uhr<\/strong> \u00f6ffnet die Freie evangelische Gemeinde Frankenbach ihre T\u00fcren f\u00fcr Kinder zwischen <strong>0 und 1 Jahr<\/strong> mit Mama, Papa, Oma, Opa, &#8230; zum Spielkreis. Es gibt immer Programm f\u00fcr die &#8222;Kleinen&#8220; und genug Zeit zum Reden f\u00fcr die &#8222;Gro\u00dfen&#8220;. <\/p>\n\n\n\n<p><strong>Geleitet wird die Runde von Cornelia Vach und Ann-Christin Steinm\u00fcller, beides M\u00fctter und gelernte Grundschullehrerin und Kinderg\u00e4rtnerin.<br><\/strong><br>Weiter Infos erhaltet ihr unter: 06446 329<\/p>\n<div class=\"gsp_post_data\" \r\n\t            data-post_type=\"post\" \r\n\t            data-cat=\"angebot,biebertal,frankenbach,einrichtung-fuer-psychisch-kranke-junge-menschen,paedagogik,religion\" \r\n\t            data-modified=\"120\"\r\n\t            data-created=\"1659618000\"\r\n\t            data-title=\"Piepm\u00e4tze sind wieder da\" \r\n\t            data-home=\"https:\/\/frankenbach.bibibo.info\"><\/div>","protected":false},"excerpt":{"rendered":"<p>Dieses Angebot der FEG Frankenbach gab es vor Jahren schon ein mal. Allerdings sind die Piepm\u00e4tze von damals jetzt schon deutlich gewachsen. Da aber im letzten Jahr \u00fcber 10 Kinder in Frankenbach geboren wurden, reaktiviert die FEG ihr Angebot. Immer donnerstags von 9.30-11.00 Uhr \u00f6ffnet die Freie evangelische Gemeinde Frankenbach ihre T\u00fcren f\u00fcr Kinder zwischen [&hellip;]<\/p>\n","protected":false},"author":2,"featured_media":0,"comment_status":"open","ping_status":"closed","sticky":false,"template":"","format":"standard","meta":{"footnotes":""},"categories":[146,119,84,135,399,283],"tags":[395,34,86,396,397,398,400],"class_list":["post-16225","post","type-post","status-publish","format-standard","hentry","category-angebot","category-biebertal","category-frankenbach","category-einrichtung-fuer-psychisch-kranke-junge-menschen","category-paedagogik","category-religion","tag-eltern","tag-feg","tag-frankenbach","tag-kinder","tag-oma","tag-opa","tag-piepmaetze"],"_links":{"self":[{"href":"https:\/\/frankenbach.bibibo.info\/index.php?rest_route=\/wp\/v2\/posts\/16225","targetHints":{"allow":["GET"]}}],"collection":[{"href":"https:\/\/frankenbach.bibibo.info\/index.php?rest_route=\/wp\/v2\/posts"}],"about":[{"href":"https:\/\/frankenbach.bibibo.info\/index.php?rest_route=\/wp\/v2\/types\/post"}],"author":[{"embeddable":true,"href":"https:\/\/frankenbach.bibibo.info\/index.php?rest_route=\/wp\/v2\/users\/2"}],"replies":[{"embeddable":true,"href":"https:\/\/frankenbach.bibibo.info\/index.php?rest_route=%2Fwp%2Fv2%2Fcomments&post=16225"}],"version-history":[{"count":0,"href":"https:\/\/frankenbach.bibibo.info\/index.php?rest_route=\/wp\/v2\/posts\/16225\/revisions"}],"wp:attachment":[{"href":"https:\/\/frankenbach.bibibo.info\/index.php?rest_route=%2Fwp%2Fv2%2Fmedia&parent=16225"}],"wp:term":[{"taxonomy":"category","embeddable":true,"href":"https:\/\/frankenbach.bibibo.info\/index.php?rest_route=%2Fwp%2Fv2%2Fcategories&post=16225"},{"taxonomy":"post_tag","embeddable":true,"href":"https:\/\/frankenbach.bibibo.info\/index.php?rest_route=%2Fwp%2Fv2%2Ftags&post=16225"}],"curies":[{"name":"wp","href":"https:\/\/api.w.org\/{rel}","templated":true}]}}